{"id":9036,"date":"2023-10-16T14:00:00","date_gmt":"2023-10-16T13:00:00","guid":{"rendered":"https:\/\/sei.gov.cz\/?p=9036"},"modified":"2025-08-12T10:53:28","modified_gmt":"2025-08-12T09:53:28","slug":"povinne-overovani-meridel-svorkove-vyroby-elektriny-v-pripade-zelenych-bonusu","status":"publish","type":"post","link":"https:\/\/sei.gov.cz\/?p=9036","title":{"rendered":"Povinn\u00e9 ov\u011b\u0159ov\u00e1n\u00ed m\u011b\u0159idel svorkov\u00e9 v\u00fdroby elekt\u0159iny v p\u0159\u00edpad\u011b zelen\u00fdch bonus\u016f"},"content":{"rendered":"\n<p><strong>V posledn\u00ed dob\u011b se inspekto\u0159i St\u00e1tn\u00ed energetick\u00e9 inspekce (d\u00e1le \u201eSEI\u201c) st\u00e1le v \u010dast\u011bj\u0161\u00ed m\u00ed\u0159e setk\u00e1vaj\u00ed s t\u00edm, \u017ee men\u0161\u00ed provozovatel\u00e9 fotovoltaick\u00fdch elektr\u00e1ren (d\u00e1le \u201eFVE\u201c) pob\u00edraj\u00edc\u00ed st\u00e1tn\u00ed podporu za vyrobenou elekt\u0159inu podle z\u00e1kona \u010d. 165\/2012 Sb., o podporovan\u00fdch zdroj\u00edch energie a o zm\u011bn\u011b n\u011bkter\u00fdch z\u00e1kon\u016f, formou zelen\u00fdch bonus\u016f, nespl\u0148uj\u00ed podm\u00ednku danou t\u00edmto z\u00e1konem v oblasti m\u011b\u0159en\u00ed mno\u017estv\u00ed vyroben\u00e9 elekt\u0159iny a to konkr\u00e9tn\u011b, \u017ee nem\u011b\u0159\u00ed toto mno\u017estv\u00ed stanoven\u00fdm m\u011b\u0159idlem podle z\u00e1kona \u010d. 505\/1990 Sb., o metrologii.<\/strong><\/p>\n\n\n\n<p>Jde p\u0159ev\u00e1\u017en\u011b o provozovatele FVE, kte\u0159\u00ed maj\u00ed um\u00edst\u011bny sol\u00e1rn\u00ed panely nap\u0159. na st\u0159ech\u00e1ch budov rodinn\u00fdch dom\u016f a uplat\u0148uj\u00ed podporu elekt\u0159iny z obnoviteln\u00e9ho zdroje formou zelen\u00e9ho bonusu na elekt\u0159inu spot\u0159ebovanou v odb\u011brn\u00e9m m\u00edst\u011b. Jednotliv\u00e9 v\u00fdrobny jsou p\u0159ipojeny do ve\u0159ejn\u00e9 distribu\u010dn\u00ed soustavy p\u0159es \u010dty\u0159kvadrantn\u00ed elektrom\u011br provozovatele distribu\u010dn\u00ed soustavy, kter\u00fd je ov\u011b\u0159ov\u00e1n provozovatelem distribu\u010dn\u00ed soustavy a je stanoven\u00fdm m\u011b\u0159idlem. Sou\u010dasn\u011b v\u0161ak tito provozovatel\u00e9 FVE maj\u00ed v\u00fdrobu elekt\u0159iny m\u011b\u0159enu tzv. podru\u017en\u00fdm elektrom\u011brem nebo-li elektrom\u011brem m\u011b\u0159\u00edc\u00edm svorkovou v\u00fdrobu elekt\u0159iny (ve sv\u00e9m vlastnictv\u00ed), kter\u00fd je z hlediska pr\u00e1vn\u00ed \u00fapravy takt\u00e9\u017e stanoven\u00fdm m\u011b\u0159idlem. Toto stanoven\u00e9 m\u011b\u0159idlo podl\u00e9h\u00e1 podle z\u00e1kona \u010d. 505\/1990 Sb., o metrologii, a vyhl\u00e1\u0161ky \u010d. 345\/2002 Sb., kterou se stanov\u00ed m\u011b\u0159idla k povinn\u00e9mu ov\u011b\u0159ov\u00e1n\u00ed a m\u011b\u0159idla podl\u00e9haj\u00edc\u00ed schv\u00e1len\u00ed typu, opakovan\u00e9mu ov\u011b\u0159en\u00ed v p\u0159\u00edslu\u0161n\u00e9m intervalu.<\/p>\n\n\n\n<p>Po uplynut\u00ed doby ov\u011b\u0159en\u00ed pro p\u0159\u00edslu\u0161n\u00fd elektrom\u011br m\u011b\u0159\u00edc\u00ed svorkovou v\u00fdrobu pozb\u00fdv\u00e1 tento statutu stanoven\u00e9ho m\u011b\u0159idla, provozovatel FVE t\u00edm p\u0159est\u00e1v\u00e1 plnit podm\u00ednku stanovenou v\u00fd\u0161e uvedenou legislativou a vystavuje mo\u017en\u00e9mu postihu p\u0159i kontrole v\u00fdrobn\u00edho za\u0159\u00edzen\u00ed FVE ze strany SEI.<\/p>\n\n\n\n<p>Sou\u010dasn\u011b si SEI dovoluje upozornit, \u017ee i elektrom\u011br m\u011b\u0159\u00edc\u00ed svorkovou v\u00fdrobu ve vlastnictv\u00ed provozovatele FVE mus\u00ed b\u00fdt v souladu s pr\u00e1vn\u00ed \u00fapravou instalov\u00e1n pouze osobou registrovanou u \u010cesk\u00e9ho metrologick\u00e9ho institutu.<\/p>\n","protected":false},"excerpt":{"rendered":"<p>V posledn\u00ed dob\u011b se inspekto\u0159i St\u00e1tn\u00ed energetick\u00e9 inspekce (d\u00e1le \u201eSEI\u201c) st\u00e1le v \u010dast\u011bj\u0161\u00ed m\u00ed\u0159e setk\u00e1vaj\u00ed s t\u00edm, \u017ee men\u0161\u00ed provozovatel\u00e9 fotovoltaick\u00fdch elektr\u00e1ren (d\u00e1le \u201eFVE\u201c) pob\u00edraj\u00edc\u00ed st\u00e1tn\u00ed podporu za vyrobenou elekt\u0159inu podle z\u00e1kona \u010d. 165\/2012 Sb., o podporovan\u00fdch zdroj\u00edch energie a o zm\u011bn\u011b n\u011bkter\u00fdch z\u00e1kon\u016f, formou zelen\u00fdch bonus\u016f, nespl\u0148uj\u00ed podm\u00ednku danou t\u00edmto z\u00e1konem v oblasti m\u011b\u0159en\u00ed &hellip; <\/p>\n","protected":false},"author":12,"featured_media":7732,"comment_status":"closed","ping_status":"open","sticky":false,"template":"","format":"standard","meta":{"footnotes":""},"categories":[10,20],"tags":[],"class_list":["post-9036","post","type-post","status-publish","format-standard","has-post-thumbnail","hentry","category-archiv-uredni_deska","category-poze","latest_post"],"_links":{"self":[{"href":"https:\/\/sei.gov.cz\/index.php?rest_route=\/wp\/v2\/posts\/9036","targetHints":{"allow":["GET"]}}],"collection":[{"href":"https:\/\/sei.gov.cz\/index.php?rest_route=\/wp\/v2\/posts"}],"about":[{"href":"https:\/\/sei.gov.cz\/index.php?rest_route=\/wp\/v2\/types\/post"}],"author":[{"embeddable":true,"href":"https:\/\/sei.gov.cz\/index.php?rest_route=\/wp\/v2\/users\/12"}],"replies":[{"embeddable":true,"href":"https:\/\/sei.gov.cz\/index.php?rest_route=%2Fwp%2Fv2%2Fcomments&post=9036"}],"version-history":[{"count":4,"href":"https:\/\/sei.gov.cz\/index.php?rest_route=\/wp\/v2\/posts\/9036\/revisions"}],"predecessor-version":[{"id":9227,"href":"https:\/\/sei.gov.cz\/index.php?rest_route=\/wp\/v2\/posts\/9036\/revisions\/9227"}],"wp:featuredmedia":[{"embeddable":true,"href":"https:\/\/sei.gov.cz\/index.php?rest_route=\/wp\/v2\/media\/7732"}],"wp:attachment":[{"href":"https:\/\/sei.gov.cz\/index.php?rest_route=%2Fwp%2Fv2%2Fmedia&parent=9036"}],"wp:term":[{"taxonomy":"category","embeddable":true,"href":"https:\/\/sei.gov.cz\/index.php?rest_route=%2Fwp%2Fv2%2Fcategories&post=9036"},{"taxonomy":"post_tag","embeddable":true,"href":"https:\/\/sei.gov.cz\/index.php?rest_route=%2Fwp%2Fv2%2Ftags&post=9036"}],"curies":[{"name":"wp","href":"https:\/\/api.w.org\/{rel}","templated":true}]}}