{"id":6367,"date":"2021-12-23T07:46:13","date_gmt":"2021-12-23T06:46:13","guid":{"rendered":"https:\/\/sei.gov.cz\/?p=6367"},"modified":"2025-08-12T09:38:10","modified_gmt":"2025-08-12T08:38:10","slug":"reorganizace-sei-od-1-1-2022","status":"publish","type":"post","link":"https:\/\/sei.gov.cz\/?p=6367","title":{"rendered":"Reorganizace SEI od 1. 1. 2022"},"content":{"rendered":"<p>Od 1. 1. 2022 doch\u00e1z\u00ed k\u00a0reorganizaci St\u00e1tn\u00ed energetick\u00e9 inspekce. M\u00edsto 1 \u00fast\u0159edn\u00edho inspektor\u00e1tu a 10 \u00fazemn\u00edch inspektor\u00e1t\u016f se SEI bude \u010dlenit na 1 \u00fast\u0159edn\u00ed inspektor\u00e1t (se s\u00eddlem Gorazdova 24, 120 00 Praha 2, do\u010dasn\u00e1 adresa Dittrichova 21, 120 00 Praha 2), 7 \u00fazemn\u00edch inspektor\u00e1t\u016f a 3 deta\u0161ovan\u00e1 pracovi\u0161t\u011b.<\/p>\n<p>\u00dazemn\u00ed inspektor\u00e1ty:<\/p>\n<ul>\n<li>\u00dazemn\u00ed inspektor\u00e1t pro hlavn\u00ed m\u011bsto Prahu a St\u0159edo\u010desk\u00fd kraj se s\u00eddlem Gorazdova 24, 120 00 Praha 2 (do\u010dasn\u00e1 adresa Dittrichova 21, 120 00 Praha 2)<\/li>\n<li>\u00dazemn\u00ed inspektor\u00e1t pro Jiho\u010desk\u00fd kraj a Kraj Vyso\u010dina se s\u00eddlem Lipensk\u00e1 17, 370 01 \u010cesk\u00e9 Bud\u011bjovice<\/li>\n<li>\u00dazemn\u00ed inspektor\u00e1t pro Plze\u0148sk\u00fd a Karlovarsk\u00fd kraj se s\u00eddlem Rejskova 3, 326 00 Plze\u0148<\/li>\n<li>\u00dazemn\u00ed inspektor\u00e1t pro Libereck\u00fd a \u00dasteck\u00fd kraj se s\u00eddlem n\u00e1m. Dr. E. Bene\u0161e 26, 460 01 Liberec 1 \u2013 Star\u00e9 M\u011bsto<\/li>\n<li>\u00dazemn\u00ed inspektor\u00e1t pro Kr\u00e1lovehradeck\u00fd a Pardubick\u00fd kraj se s\u00eddlem Ulrichovo n\u00e1m\u011bst\u00ed 810, 500 02 Hradec Kr\u00e1lov\u00e9<\/li>\n<li>\u00dazemn\u00ed inspektor\u00e1t pro Jihomoravsk\u00fd a Zl\u00ednsk\u00fd kraj se s\u00eddlem Kotl\u00e1\u0159sk\u00e1 931\/53, 602 00 Brno<\/li>\n<li>\u00dazemn\u00ed inspektor\u00e1t pro Moravskoslezsk\u00fd a Olomouck\u00fd kraj se s\u00eddlem Provozn\u00ed 1, 722 00 Ostrava &#8211; T\u0159ebovice<\/li>\n<\/ul>\n<p>Deta\u0161ovan\u00fdmi pracovi\u0161ti jsou<\/p>\n<ul>\n<li>Deta\u0161ovan\u00e9 pracovi\u0161t\u011b \u00fazemn\u00edho inspektor\u00e1tu pro Libereck\u00fd a \u00dasteck\u00fd kraj se s\u00eddlem Winstona Churchilla 1344\/2, 400 01 \u00dast\u00ed nad Labem<\/li>\n<li>Deta\u0161ovan\u00e9 pracovi\u0161t\u011b \u00fazemn\u00edho inspektor\u00e1tu pro Jihomoravsk\u00fd a Zl\u00ednsk\u00fd kraj se s\u00eddlem T\u0159. Tom\u00e1\u0161e Bati 853, 760 01 Zl\u00edn<\/li>\n<li>Deta\u0161ovan\u00e9 pracovi\u0161t\u011b \u00fazemn\u00edho inspektor\u00e1tu pro Moravskoslezsk\u00fd a Olomouck\u00fd kraj se s\u00eddlem t\u0159. M\u00edru 273\/99, 779 00 Olomouc<\/li>\n<\/ul>\n<p>V\u00a0p\u0159\u00edpad\u011b dotaz\u016f, \u017e\u00e1dost\u00ed o z\u00e1vazn\u00e9 stanovisko atd. kontaktujte pros\u00edm p\u0159\u00edslu\u0161n\u00e9 pracovi\u0161t\u011b dle um\u00edst\u011bn\u00ed stavby. Telefonn\u00ed \u010d\u00edsla a adresy jsou uvedeny v\u00a0sekci kontakty.<\/p>\n","protected":false},"excerpt":{"rendered":"<p>Od 1. 1. 2022 doch\u00e1z\u00ed k\u00a0reorganizaci St\u00e1tn\u00ed energetick\u00e9 inspekce. M\u00edsto 1 \u00fast\u0159edn\u00edho inspektor\u00e1tu a 10 \u00fazemn\u00edch inspektor\u00e1t\u016f se SEI bude \u010dlenit na 1 \u00fast\u0159edn\u00ed inspektor\u00e1t (se s\u00eddlem Gorazdova 24, 120 00 Praha 2, do\u010dasn\u00e1 adresa Dittrichova 21, 120 00 Praha 2), 7 \u00fazemn\u00edch inspektor\u00e1t\u016f a 3 deta\u0161ovan\u00e1 pracovi\u0161t\u011b. \u00dazemn\u00ed inspektor\u00e1ty: \u00dazemn\u00ed inspektor\u00e1t pro hlavn\u00ed m\u011bsto &hellip; <\/p>\n","protected":false},"author":12,"featured_media":0,"comment_status":"closed","ping_status":"open","sticky":false,"template":"","format":"standard","meta":{"footnotes":""},"categories":[10],"tags":[],"class_list":["post-6367","post","type-post","status-publish","format-standard","hentry","category-archiv-uredni_deska","latest_post"],"_links":{"self":[{"href":"https:\/\/sei.gov.cz\/index.php?rest_route=\/wp\/v2\/posts\/6367","targetHints":{"allow":["GET"]}}],"collection":[{"href":"https:\/\/sei.gov.cz\/index.php?rest_route=\/wp\/v2\/posts"}],"about":[{"href":"https:\/\/sei.gov.cz\/index.php?rest_route=\/wp\/v2\/types\/post"}],"author":[{"embeddable":true,"href":"https:\/\/sei.gov.cz\/index.php?rest_route=\/wp\/v2\/users\/12"}],"replies":[{"embeddable":true,"href":"https:\/\/sei.gov.cz\/index.php?rest_route=%2Fwp%2Fv2%2Fcomments&post=6367"}],"version-history":[{"count":3,"href":"https:\/\/sei.gov.cz\/index.php?rest_route=\/wp\/v2\/posts\/6367\/revisions"}],"predecessor-version":[{"id":9334,"href":"https:\/\/sei.gov.cz\/index.php?rest_route=\/wp\/v2\/posts\/6367\/revisions\/9334"}],"wp:attachment":[{"href":"https:\/\/sei.gov.cz\/index.php?rest_route=%2Fwp%2Fv2%2Fmedia&parent=6367"}],"wp:term":[{"taxonomy":"category","embeddable":true,"href":"https:\/\/sei.gov.cz\/index.php?rest_route=%2Fwp%2Fv2%2Fcategories&post=6367"},{"taxonomy":"post_tag","embeddable":true,"href":"https:\/\/sei.gov.cz\/index.php?rest_route=%2Fwp%2Fv2%2Ftags&post=6367"}],"curies":[{"name":"wp","href":"https:\/\/api.w.org\/{rel}","templated":true}]}}