{"id":5073,"date":"2019-12-20T14:21:52","date_gmt":"2019-12-20T13:21:52","guid":{"rendered":"https:\/\/sei.gov.cz\/?p=5073"},"modified":"2025-08-12T10:27:20","modified_gmt":"2025-08-12T09:27:20","slug":"ukonceni-povinnosti-stitkovat-svitidla-a-zmena-ve-stitkovani-svetelnych-zdroju","status":"publish","type":"post","link":"https:\/\/sei.gov.cz\/?p=5073","title":{"rendered":"Ukon\u010den\u00ed povinnosti \u0161t\u00edtkovat sv\u00edtidla a zm\u011bna ve \u0161t\u00edtkov\u00e1n\u00ed sv\u011bteln\u00fdch zdroj\u016f"},"content":{"rendered":"<p><em>Na z\u00e1klad\u011b na\u0159\u00edzen\u00ed 2019\/2015, kter\u00e9 bylo zve\u0159ejn\u011bno dne 5. prosince 2019 v \u00da\u0159edn\u00edm v\u011bstn\u00edku EU, doch\u00e1z\u00ed ke zm\u011bn\u00e1m v oblasti \u0161t\u00edtkov\u00e1n\u00ed sv\u011bteln\u00fdch zdroj\u016f a sv\u00edtidel.<\/em><\/p>\n<p>Na\u0159\u00edzen\u00ed Komise v p\u0159enesen\u00e9 pravomoci 2019\/2015, pokud jde o uv\u00e1d\u011bn\u00ed spot\u0159eby energie na energetick\u00fdch \u0161t\u00edtc\u00edch sv\u011bteln\u00fdch zdroj\u016f, vstupuje v platnost dvac\u00e1t\u00fdm dnem po vyhl\u00e1\u0161en\u00ed v \u00da\u0159edn\u00edm v\u011bstn\u00edku Evropsk\u00e9 unie, tj. od 25. prosince 2019.<\/p>\n<p><u>Konec \u0161t\u00edtkov\u00e1n\u00ed sv\u00edtidel<\/u><\/p>\n<p>Od 25. prosince 2019 doch\u00e1z\u00ed ke zru\u0161en\u00ed povinnosti opat\u0159ovat sv\u00edtidla energetick\u00fdm \u0161t\u00edtkem, jeliko\u017e se na z\u00e1klad\u011b \u010dl. 9 na\u0159\u00edzen\u00ed 2019\/2015 ru\u0161\u00ed \u010dl. 3 odst. 2 a \u010dl. 4 odst. 2 na\u0159\u00edzen\u00ed 874\/2012. Zbytek na\u0159\u00edzen\u00ed 874\/2012 je pak zru\u0161eno s\u00a0platnost\u00ed od 1. z\u00e1\u0159\u00ed 2021. Sv\u00edtidlem se dle definice v\u00a0tomto p\u0159edchoz\u00edm na\u0159\u00edzen\u00ed rozum\u00ed za\u0159\u00edzen\u00ed, kter\u00e9 distribuuje, filtruje \u010di p\u0159em\u011b\u0148uje sv\u011btlo vys\u00edlan\u00e9 jedn\u00edm \u010di n\u011bkolika sv\u011bteln\u00fdmi zdroji a obsahuje ve\u0161ker\u00e9 sou\u010d\u00e1sti nezbytn\u00e9 pro podporu, upevn\u011bn\u00ed a ochranu sv\u011bteln\u00fdch zdroj\u016f, p\u0159\u00edpadn\u011b i dopl\u0148kov\u00e9 prvky obvodu spolu s p\u0159ipojen\u00edm ke zdroji elektrick\u00e9 energie. Klasicky se jedn\u00e1 nap\u0159\u00edklad lustry nebo stoln\u00ed lampy.<\/p>\n<p>Od 25. prosince 2019 tedy zanik\u00e1 povinnost pro dodavatele dod\u00e1vat ke sv\u00edtidl\u016fm \u0161t\u00edtek a povinnost pro obchodn\u00edky ozna\u010dovat sv\u00edtidla \u0161t\u00edtkem v m\u00edst\u011b prodeje. Doporu\u010dujeme, aby od tohoto data dodavatel\u00e9 p\u0159estali dod\u00e1vat ke sv\u00edtidl\u016fm \u0161t\u00edtek a obchodn\u00edci p\u0159estali \u0161t\u00edtek u sv\u00edtidel vystavovat, a to jednak v m\u00edst\u011b prodeje, ale nap\u0159. tak\u00e9 v reklamn\u00edch kataloz\u00edch nebo na internetu. St\u00e1vaj\u00edc\u00ed sv\u00edtidla, u nich\u017e je \u0161t\u00edtek vyti\u0161t\u011bn nebo p\u0159ipevn\u011bn k obalu, mohou b\u00fdt doprod\u00e1na bez omezen\u00ed. Uveden\u00e9 ukon\u010den\u00ed \u0161t\u00edtkov\u00e1n\u00ed se t\u00fdk\u00e1 pouze sv\u00edtidel, nikoli v\u0161ak sv\u011bteln\u00fdch zdroj\u016f (nap\u0159. halogenov\u00e9 nebo LED \u017e\u00e1rovky). Povinnost ozna\u010dovat tyto sv\u011bteln\u00e9 zdroje energetick\u00fdm \u0161t\u00edtkem vyobrazen\u00fdm v na\u0159\u00edzen\u00ed 874\/2012 se nem\u011bn\u00ed a to a\u017e do 1. z\u00e1\u0159\u00ed 2021.<\/p>\n<p><u>Nov\u00e9 \u0161t\u00edtky pro sv\u011bteln\u00e9 zdroje a povinnosti dodavatel\u016f<\/u><\/p>\n<p>Na z\u00e1klad\u011b na\u0159\u00edzen\u00ed 2019\/2015 budou sv\u011bteln\u00e9 zdroje ozna\u010dov\u00e1ny novou podobou energetick\u00e9 \u0161t\u00edtku. Hlavn\u00ed odli\u0161nost\u00ed nov\u00e9ho \u0161t\u00edtku je uveden\u00ed rozsahu energetick\u00fdch t\u0159\u00edd A \u2013 G a dopln\u011bn\u00ed QR k\u00f3du, po jeho\u017e sejmut\u00ed se zobraz\u00ed v\u00edce informac\u00ed o sv\u011bteln\u00e9m zdroji. Dodavatel\u00e9 budou muset sv\u011bteln\u00e9 zdroje opat\u0159ovat novou podobou energetick\u00e9ho \u0161t\u00edtku od 1. z\u00e1\u0159\u00ed 2021. V p\u0159edstihu p\u0159ed t\u00edmto datem, tedy ji\u017e od 1. kv\u011btna 2021 budou muset dodavatel\u00e9 sv\u011bteln\u00fdch zdroj\u016f nahr\u00e1t informace obsa\u017een\u00e9 v informa\u010dn\u00edm listu do datab\u00e1ze v\u00fdrobk\u016f.<\/p>\n<p><u>Povinnosti obchodn\u00edk\u016f \u00a0\u00a0<\/u><\/p>\n<p>Obchodn\u00edci budou m\u00edt tak jako dosud povinnost zajistit, aby byl ka\u017ed\u00fd sv\u011bteln\u00fd zdroj v m\u00edst\u011b prodeje opat\u0159en energetick\u00fdm \u0161t\u00edtkem a vystaven tak, aby \u0161t\u00edtek nebo energetick\u00e1 t\u0159\u00edda byly z\u0159eteln\u011b viditeln\u00e9. V p\u0159\u00edpad\u011b vizu\u00e1ln\u00ed reklamy v\u010detn\u011b reklamy na internetu mus\u00ed konkr\u00e9tn\u00ed model sv\u011bteln\u00e9ho zdroje obsahovat energetickou t\u0159\u00eddu a rozsah t\u0159\u00edd dostupn\u00fdch na \u0161t\u00edtku. Povinnost pro obchodn\u00edky uv\u00e1d\u011bt nov\u00fd energetick\u00fd \u0161t\u00edtek za\u010dne platit od 1. z\u00e1\u0159\u00ed 2021. St\u00e1vaj\u00edc\u00ed \u0161t\u00edtky, tj. \u0161t\u00edtky v podob\u011b podle na\u0159\u00edzen\u00ed 874\/2012, mus\u00ed b\u00fdt nahrazeny nov\u00fdmi \u0161t\u00edtky do 1. b\u0159ezna 2023. Po tomto datu mus\u00ed b\u00fdt star\u00e9 \u0161t\u00edtky zakryty a to i v p\u0159\u00edpadech, kdy jsou vyti\u0161t\u011bny na obalu nebo k n\u011bmu p\u0159ipevn\u011bny.<\/p>\n<p><u>P\u0159\u00edpadn\u00e1 kontrola ze strany SEI<\/u><\/p>\n<p>I p\u0159esto, \u017ee SEI alespo\u0148 prozat\u00edm nepl\u00e1nuje c\u00edlen\u00e9 kontroly toho, zda jsou sv\u00edtidla i p\u0159es zru\u0161en\u00ed povinnosti opat\u0159ov\u00e1ny energetick\u00fdmi \u0161t\u00edtky jak dodavateli, tak obchodn\u00edky, m\u016f\u017ee obdr\u017eet podn\u011bt k proveden\u00ed takov\u00e9to kontroly a pokud by v r\u00e1mci \u0161et\u0159en\u00ed bylo zji\u0161t\u011bno podez\u0159en\u00ed na poru\u0161ov\u00e1n\u00ed legislativy (\u010dl. 6 na\u0159\u00edzen\u00ed EP a R (EU) 2017\/1369), kter\u00fdm se stanov\u00ed r\u00e1mec pro ozna\u010dov\u00e1n\u00ed energetick\u00fdmi \u0161t\u00edtky a zru\u0161uje sm\u011brnice 2010\/30\/EU, bude kontrola provedena. Proto doporu\u010dujeme postupovat zp\u016fsobem uveden\u00fdm v\u00fd\u0161e.<\/p>\n","protected":false},"excerpt":{"rendered":"<p>Na z\u00e1klad\u011b na\u0159\u00edzen\u00ed 2019\/2015, kter\u00e9 bylo zve\u0159ejn\u011bno dne 5. prosince 2019 v \u00da\u0159edn\u00edm v\u011bstn\u00edku EU, doch\u00e1z\u00ed ke zm\u011bn\u00e1m v oblasti \u0161t\u00edtkov\u00e1n\u00ed sv\u011bteln\u00fdch zdroj\u016f a sv\u00edtidel. Na\u0159\u00edzen\u00ed Komise v p\u0159enesen\u00e9 pravomoci 2019\/2015, pokud jde o uv\u00e1d\u011bn\u00ed spot\u0159eby energie na energetick\u00fdch \u0161t\u00edtc\u00edch sv\u011bteln\u00fdch zdroj\u016f, vstupuje v platnost dvac\u00e1t\u00fdm dnem po vyhl\u00e1\u0161en\u00ed v \u00da\u0159edn\u00edm v\u011bstn\u00edku Evropsk\u00e9 unie, tj. &hellip; <\/p>\n","protected":false},"author":6,"featured_media":5077,"comment_status":"closed","ping_status":"open","sticky":false,"template":"","format":"standard","meta":{"footnotes":""},"categories":[10,17],"tags":[],"class_list":["post-5073","post","type-post","status-publish","format-standard","has-post-thumbnail","hentry","category-archiv-uredni_deska","category-ekodesign","latest_post"],"_links":{"self":[{"href":"https:\/\/sei.gov.cz\/index.php?rest_route=\/wp\/v2\/posts\/5073","targetHints":{"allow":["GET"]}}],"collection":[{"href":"https:\/\/sei.gov.cz\/index.php?rest_route=\/wp\/v2\/posts"}],"about":[{"href":"https:\/\/sei.gov.cz\/index.php?rest_route=\/wp\/v2\/types\/post"}],"author":[{"embeddable":true,"href":"https:\/\/sei.gov.cz\/index.php?rest_route=\/wp\/v2\/users\/6"}],"replies":[{"embeddable":true,"href":"https:\/\/sei.gov.cz\/index.php?rest_route=%2Fwp%2Fv2%2Fcomments&post=5073"}],"version-history":[{"count":3,"href":"https:\/\/sei.gov.cz\/index.php?rest_route=\/wp\/v2\/posts\/5073\/revisions"}],"predecessor-version":[{"id":9368,"href":"https:\/\/sei.gov.cz\/index.php?rest_route=\/wp\/v2\/posts\/5073\/revisions\/9368"}],"wp:featuredmedia":[{"embeddable":true,"href":"https:\/\/sei.gov.cz\/index.php?rest_route=\/wp\/v2\/media\/5077"}],"wp:attachment":[{"href":"https:\/\/sei.gov.cz\/index.php?rest_route=%2Fwp%2Fv2%2Fmedia&parent=5073"}],"wp:term":[{"taxonomy":"category","embeddable":true,"href":"https:\/\/sei.gov.cz\/index.php?rest_route=%2Fwp%2Fv2%2Fcategories&post=5073"},{"taxonomy":"post_tag","embeddable":true,"href":"https:\/\/sei.gov.cz\/index.php?rest_route=%2Fwp%2Fv2%2Ftags&post=5073"}],"curies":[{"name":"wp","href":"https:\/\/api.w.org\/{rel}","templated":true}]}}