{"id":3412,"date":"2016-12-13T09:40:02","date_gmt":"2016-12-13T09:40:02","guid":{"rendered":"https:\/\/sei.gov.cz\/?p=3412"},"modified":"2025-08-15T10:19:18","modified_gmt":"2025-08-15T09:19:18","slug":"klicove-rozhodnuti-soudu-ve-veci-uvedeni-do-provozu-fotovoltaicke-elektrarny","status":"publish","type":"post","link":"https:\/\/sei.gov.cz\/?p=3412","title":{"rendered":"Kl\u00ed\u010dov\u00e9 rozhodnut\u00ed soudu ve v\u011bci uveden\u00ed do provozu fotovoltaick\u00e9 elektr\u00e1rny"},"content":{"rendered":"<p><strong>St\u00e1tn\u00ed energetick\u00e1 inspekce (SEI) v\u00a0sou\u010dasn\u00e9 dob\u011b vede p\u0159ibli\u017en\u011b 30 soudn\u00edch spor\u016f, kdy \u00fa\u010dastn\u00edk \u0159\u00edzen\u00ed napadl rozhodnut\u00ed SEI o ulo\u017een\u00ed pokuty. \u0158ada t\u011bchto soudn\u00edch spor\u016f se t\u00fdk\u00e1 roku uveden\u00ed do provozu fotovoltaick\u00fdch elektr\u00e1ren (FVE), kdy SEI dosp\u011bla k\u00a0z\u00e1v\u011bru, \u017ee FVE byla uvedena do provozu pozd\u011bji, ne\u017e jej\u00ed provozovatel deklaroval. Tyto p\u0159\u00edpady se t\u00fdkaj\u00ed zejm\u00e9na FVE uv\u00e1d\u011bn\u00fdch do provozu v\u00a0dob\u011b tzv. \u201esol\u00e1rn\u00edho boomu\u201c, tedy mezi roky 2009 a 2010 a zejm\u00e9na pak mezi roky 2010 a 2011, kdy podpora \u201ezelen\u00e9\u201c elekt\u0159iny meziro\u010dn\u011b klesla p\u0159ibli\u017en\u011b na polovinu. <\/strong><\/p>\n<p>M\u011bstsk\u00fd soud v\u00a0Praze dne 30. 11. 2016 sv\u00fdm rozhodnut\u00edm potvrdil z\u00e1v\u011bry SEI a \u017ealobu provozovatele FVE zam\u00edtl. Tento prvn\u00ed soudem rozhodnut\u00fd p\u0159\u00edpad se t\u00fdkal sol\u00e1rn\u00edho parku o instalovan\u00e9m v\u00fdkonu cca 2 MW, kdy jeho provozovatel \u010derpal podporu ve v\u00fd\u0161i, kter\u00e1 odpov\u00eddala roku uveden\u00ed do provozu v\u00a0roce 2010. SEI v\u0161ak dosp\u011bla k\u00a0z\u00e1v\u011bru, \u017ee FVE byla uvedena do provozu a\u017e na po\u010d\u00e1tku roku 2011 a\u00a0n\u00e1rok na podporu byl tak v\u00fdrazn\u011b ni\u017e\u0161\u00ed. Podm\u00ednky pro uv\u00e1d\u011bn\u00ed do provozu FVE byly v\u00a0tomto obdob\u00ed stanoveny na ka\u017ed\u00fd rok p\u0159\u00edslu\u0161n\u00fdm cenov\u00fdm rozhodnut\u00edm Energetick\u00e9ho regula\u010dn\u00edho \u00fa\u0159adu (ER\u00da). Konkr\u00e9tn\u011b pro rok 2010 byly tyto podm\u00ednky obsa\u017eeny v\u00a0cenov\u00e9m rozhodnut\u00ed ER\u00da \u010d. 4\/2009. Dezinterpretac\u00ed t\u011bchto podm\u00ednek doch\u00e1zelo v\u00a0\u0159ad\u011b p\u0159\u00edpad\u016f k\u00a0situac\u00edm, kdy provozovatel\u00e9 FVE pova\u017eovali svoji v\u00fdrobnu za uvedenou do provozu ji\u017e v\u00a0roce 2010, a\u010dkoliv k\u00a031. 12. 2010 tyto v\u00fdrobny fakticky provozov\u00e1ny nebyly.<\/p>\n<p>M\u011bstsk\u00fd soud v\u00a0Praze se p\u0159iklonil k\u00a0z\u00e1v\u011br\u016fm SEI, kdy\u017e v\u00a0rozhodnut\u00ed uvedl: <em>\u201e\u017dalovan\u00fd odvolac\u00ed spr\u00e1vn\u00ed org\u00e1n zcela jednozna\u010dn\u011b, ur\u010dit\u011b a srozumiteln\u011b vyj\u00e1d\u0159il, \u017ee aby v\u00fdrobce stanoven\u00e9 podm\u00ednky pro p\u0159izn\u00e1n\u00ed podpory formou v\u00fdkupn\u00edch cen pro zdroj uveden\u00fd do provozu v\u00a0roce 2010 splnil, bylo nezbytn\u00e9, aby elekt\u0159inu nejen vyrobil, ale rovn\u011b\u017e leg\u00e1ln\u011b dodal do elektriza\u010dn\u00ed soustavy, p\u0159i\u010dem\u017e dod\u00e1vka musela b\u00fdt kvantifikovan\u00e1. N\u00e1sledn\u011b a na z\u00e1klad\u011b vyroben\u00e9ho mno\u017estv\u00ed elekt\u0159iny bylo mo\u017en\u00e9 po dosazen\u00ed jednotkov\u00e9 ceny uplatnit podporu formou da\u0148ov\u00e9ho dokladu u smluvn\u00edho provozovatele distribu\u010dn\u00ed s\u00edt\u011b. \u017dalobce si byl v\u011bdom toho, \u017ee do 31. 12. 2010 mus\u00ed b\u00fdt nainstalov\u00e1no m\u011b\u0159ic\u00ed za\u0159\u00edzen\u00ed provozovatele distribu\u010dn\u00ed s\u00edt\u011b, aby mohl uplatnit podporu formou v\u00fdkupn\u00edch cen ve v\u00fd\u0161i stanoven\u00e9 pro rok 2010. P\u0159esto\u017ee k\u00a0instalaci m\u011b\u0159ic\u00edho za\u0159\u00edzen\u00ed v\u00a0roce 2010 nedo\u0161lo, uplatnil ceny roku 2010, a\u010dkoliv podle data prvn\u00ed m\u011b\u0159en\u00e9 dod\u00e1vky elekt\u0159iny do distribu\u010dn\u00ed s\u00edt\u011b m\u011bl svoji fotovoltaickou elektr\u00e1rnu za\u0159adit jako uvedenou do provozu v\u00a0roce 2011. \u017dalovan\u00fd uzav\u0159el, \u017ee jestli\u017ee FVE nebyla v\u00a0roce 2010 k\u00a0elektriza\u010dn\u00ed soustav\u011b p\u0159ipojena v\u010detn\u011b osazen\u00e9ho m\u011b\u0159ic\u00edho za\u0159\u00edzen\u00ed, nemohla vyrobenou elekt\u0159inu do soustavy leg\u00e1ln\u011b dod\u00e1vat, proto nelze v\u00a0tomto p\u0159\u00edpad\u011b p\u0159iznat \u00fa\u010dastn\u00edku \u0159\u00edzen\u00ed podporu ur\u010denou pro zdroje uveden\u00e9 do provozu v\u00a0roce 2010.\u201c<\/em><\/p>\n<p>\u201eDle na\u0161eho zji\u0161t\u011bn\u00ed \u0161lo v\u00a0obdob\u00ed sol\u00e1rn\u00edho boomu o pom\u011brn\u011b b\u011b\u017enou praxi, proto jsme r\u00e1di, \u017ee soud potvrdil na\u0161e pr\u00e1vn\u00ed posouzen\u00ed podm\u00ednek uveden\u00ed v\u00fdroben do provozu. Toto rozhodnut\u00ed soudu by tak mohlo m\u00edt dalekos\u00e1hl\u00e9 dopady, co se v\u00fd\u0161e n\u00e1rok\u016f na podporu t\u00fd\u010de, pro des\u00edtky a\u017e stovky v\u00fdroben v\u00a0cel\u00e9 \u010cR,\u201c uvedl Pavel Gebauer, \u00fast\u0159edn\u00ed \u0159editel SEI. Proti rozhodnut\u00ed soudu lze je\u0161t\u011b podat kasa\u010dn\u00ed st\u00ed\u017enost k\u00a0Nejvy\u0161\u0161\u00edmu spr\u00e1vn\u00edmu soudu.<\/p>\n","protected":false},"excerpt":{"rendered":"<p>St\u00e1tn\u00ed energetick\u00e1 inspekce (SEI) v\u00a0sou\u010dasn\u00e9 dob\u011b vede p\u0159ibli\u017en\u011b 30 soudn\u00edch spor\u016f, kdy \u00fa\u010dastn\u00edk \u0159\u00edzen\u00ed napadl rozhodnut\u00ed SEI o ulo\u017een\u00ed pokuty. \u0158ada t\u011bchto soudn\u00edch spor\u016f se t\u00fdk\u00e1 roku uveden\u00ed do provozu fotovoltaick\u00fdch elektr\u00e1ren (FVE), kdy SEI dosp\u011bla k\u00a0z\u00e1v\u011bru, \u017ee FVE byla uvedena do provozu pozd\u011bji, ne\u017e jej\u00ed provozovatel deklaroval. Tyto p\u0159\u00edpady se t\u00fdkaj\u00ed zejm\u00e9na FVE uv\u00e1d\u011bn\u00fdch &hellip; <\/p>\n","protected":false},"author":1,"featured_media":0,"comment_status":"closed","ping_status":"open","sticky":false,"template":"","format":"standard","meta":{"footnotes":""},"categories":[10,20],"tags":[],"class_list":["post-3412","post","type-post","status-publish","format-standard","hentry","category-archiv-uredni_deska","category-poze","latest_post"],"_links":{"self":[{"href":"https:\/\/sei.gov.cz\/index.php?rest_route=\/wp\/v2\/posts\/3412","targetHints":{"allow":["GET"]}}],"collection":[{"href":"https:\/\/sei.gov.cz\/index.php?rest_route=\/wp\/v2\/posts"}],"about":[{"href":"https:\/\/sei.gov.cz\/index.php?rest_route=\/wp\/v2\/types\/post"}],"author":[{"embeddable":true,"href":"https:\/\/sei.gov.cz\/index.php?rest_route=\/wp\/v2\/users\/1"}],"replies":[{"embeddable":true,"href":"https:\/\/sei.gov.cz\/index.php?rest_route=%2Fwp%2Fv2%2Fcomments&post=3412"}],"version-history":[{"count":3,"href":"https:\/\/sei.gov.cz\/index.php?rest_route=\/wp\/v2\/posts\/3412\/revisions"}],"predecessor-version":[{"id":9385,"href":"https:\/\/sei.gov.cz\/index.php?rest_route=\/wp\/v2\/posts\/3412\/revisions\/9385"}],"wp:attachment":[{"href":"https:\/\/sei.gov.cz\/index.php?rest_route=%2Fwp%2Fv2%2Fmedia&parent=3412"}],"wp:term":[{"taxonomy":"category","embeddable":true,"href":"https:\/\/sei.gov.cz\/index.php?rest_route=%2Fwp%2Fv2%2Fcategories&post=3412"},{"taxonomy":"post_tag","embeddable":true,"href":"https:\/\/sei.gov.cz\/index.php?rest_route=%2Fwp%2Fv2%2Ftags&post=3412"}],"curies":[{"name":"wp","href":"https:\/\/api.w.org\/{rel}","templated":true}]}}