{"id":3112,"date":"2016-05-30T13:46:51","date_gmt":"2016-05-30T13:46:51","guid":{"rendered":"https:\/\/sei.gov.cz\/?p=3112"},"modified":"2025-08-15T10:20:55","modified_gmt":"2025-08-15T09:20:55","slug":"sei-obnovuje-kontroly-pristroju-registrujicich-dodavku-tepla","status":"publish","type":"post","link":"https:\/\/sei.gov.cz\/?p=3112","title":{"rendered":"SEI obnovuje kontroly p\u0159\u00edstroj\u016f registruj\u00edc\u00edch dod\u00e1vku tepla"},"content":{"rendered":"<p><em>St\u00e1tn\u00ed energetick\u00e1 inspekce (d\u00e1le SEI) op\u011bt zahajuje kontroly p\u0159\u00edstroj\u016f registruj\u00edc\u00edch dod\u00e1vku tepeln\u00e9 energie v\u00a0bytov\u00fdch domech a v\u00edce\u00fa\u010delov\u00fdch stavb\u00e1ch. SEI kontroly t\u00e9to povinnosti z\u00a0vlastn\u00edho podn\u011btu pozastavila z\u00a0d\u016fvodu mo\u017en\u00fdch legislativn\u00edch zm\u011bn plynouc\u00edch z\u00a0v\u00fdsledk\u016f studie zadan\u00e9 ministrem pr\u016fmyslu a\u00a0obchodu Ing. Janem Ml\u00e1dkem, CSc. C\u00edlem t\u00e9to studie bylo stanoven\u00ed proveditelnosti instalace t\u011bchto p\u0159\u00edstroj\u016f a ekonomick\u00e9 zhodnocen\u00ed jednotliv\u00fdch mo\u017enost\u00ed m\u011b\u0159en\u00ed tepla. <\/em><\/p>\n<p><span style=\"font-family: 'Calibri','sans-serif'; font-size: 11pt;\"><span style=\"color: #000000;\">Ji\u017e od zaveden\u00ed t\u00e9to povinnosti v\u00a0roce 2013, kter\u00e1 m\u011bla za c\u00edl stanovit spravedliv\u011bj\u0161\u00ed zp\u016fsob rozd\u011blov\u00e1n\u00ed n\u00e1klad\u016f na vyt\u00e1p\u011bn\u00ed mezi jednotliv\u00e9 u\u017eivatele, se jedn\u00e1 o \u010dasto diskutovan\u00e9 t\u00e9ma. Toto t\u00e9ma bylo op\u011bt otev\u0159eno p\u0159i posledn\u00ed novele z\u00e1kona o hospoda\u0159en\u00ed energi\u00ed v\u00a0roce 2015. Z\u00a0tohoto d\u016fvodu byla v\u00a0r\u00e1mci t\u00e9to novely ustanoven\u00ed t\u00fdkaj\u00edc\u00ed se povinnosti instalace p\u0159\u00edstroj\u016f registruj\u00edc\u00edch dod\u00e1vku tepeln\u00e9 energie je\u0161t\u011b up\u0159esn\u011bna. Ze strany ministra pr\u016fmyslu a obchodu Ing. Jana Ml\u00e1dka, CSc. v pr\u016fb\u011bhu projedn\u00e1v\u00e1n\u00ed z\u00e1kona do\u0161lo z\u00e1rove\u0148 k p\u0159\u00edslibu zad\u00e1n\u00ed nez\u00e1visl\u00e9 studie t\u00fdkaj\u00edc\u00ed se technick\u00e9 a\u00a0ekonomick\u00e9 vhodnosti instalace p\u0159\u00edstroj\u016f registruj\u00edc\u00edch dod\u00e1vku tepeln\u00e9 energie. Pokud by v\u00fdsledky studie prok\u00e1zaly v\u00a0konkr\u00e9tn\u00edch p\u0159\u00edpadech nevhodnost instalace t\u011bchto p\u0159\u00edstroj\u016f, prom\u00edtly by se do vyhl\u00e1\u0161ky \u010d. 194\/2007 Sb., kter\u00e1 stanovuje pravidla pro vyt\u00e1p\u011bn\u00ed a dod\u00e1vku tepl\u00e9 vody, m\u011brn\u00e9 ukazatele spot\u0159eby tepeln\u00e9 energie pro vyt\u00e1p\u011bn\u00ed a pro p\u0159\u00edpravu tepl\u00e9 vody a po\u017eadavky na vybaven\u00ed vnit\u0159n\u00edch tepeln\u00fdch za\u0159\u00edzen\u00ed budov p\u0159\u00edstroji reguluj\u00edc\u00edmi a registruj\u00edc\u00edmi dod\u00e1vku tepeln\u00e9 energie. <\/span><\/span><\/p>\n<p><span style=\"font-family: 'Calibri','sans-serif'; font-size: 11pt;\"><span style=\"color: #000000;\">V\u00a0reakci na tato prohl\u00e1\u0161en\u00ed SEI pozastavila v\u00a0t\u00e9to oblasti kontroly z\u00a0vlastn\u00ed iniciativy. I p\u0159es tuto skute\u010dnost v\u0161ak z\u00e1konn\u00e1 povinnost trvala a m\u011bla b\u00fdt ze strany dot\u010den\u00fdch subjekt\u016f napl\u0148ov\u00e1na.<\/span><\/span><\/p>\n<p><span style=\"font-family: 'Calibri','sans-serif'; font-size: 11pt;\"><span style=\"color: #000000;\">V\u00fdsledky studie jsou ji\u017e ve\u0159ejn\u011b zn\u00e1my a Ministerstvo pr\u016fmyslu a obchodu ve spolupr\u00e1ci s\u00a0extern\u00edmi experty p\u0159ipravuje n\u00e1vrh novely p\u0159\u00edslu\u0161n\u00e9 vyhl\u00e1\u0161ky, kter\u00e1 stanov\u00ed v\u00fdjimky z\u00a0povinnosti. S\u00a0ohledem na tyto skute\u010dnosti lze konstatovat, \u017ee nedojde k\u00a0plo\u0161n\u00e9mu zru\u0161en\u00ed povinnosti instalace, ale pouze ke specifikaci nov\u00fdch v\u00fdjimek z\u00a0povinnosti, kter\u00e9 se t\u00fdkaj\u00ed jen \u00fazk\u00fdch skupin technick\u00fdch \u0159e\u0161en\u00ed otopn\u00fdch soustav \u010di budov. \u00dast\u0159edn\u00ed \u0159editel SEI Ing. Pavel Gebauer se po domluv\u011b s ministerstvem rozhodl odvolat prohl\u00e1\u0161en\u00ed o nezahajov\u00e1n\u00ed kontrol t\u00e9to povinnosti.<\/span><\/span><\/p>\n<p>&nbsp;<\/p>\n","protected":false},"excerpt":{"rendered":"<p>St\u00e1tn\u00ed energetick\u00e1 inspekce (d\u00e1le SEI) op\u011bt zahajuje kontroly p\u0159\u00edstroj\u016f registruj\u00edc\u00edch dod\u00e1vku tepeln\u00e9 energie v\u00a0bytov\u00fdch domech a v\u00edce\u00fa\u010delov\u00fdch stavb\u00e1ch. SEI kontroly t\u00e9to povinnosti z\u00a0vlastn\u00edho podn\u011btu pozastavila z\u00a0d\u016fvodu mo\u017en\u00fdch legislativn\u00edch zm\u011bn plynouc\u00edch z\u00a0v\u00fdsledk\u016f studie zadan\u00e9 ministrem pr\u016fmyslu a\u00a0obchodu Ing. Janem Ml\u00e1dkem, CSc. C\u00edlem t\u00e9to studie bylo stanoven\u00ed proveditelnosti instalace t\u011bchto p\u0159\u00edstroj\u016f a ekonomick\u00e9 zhodnocen\u00ed jednotliv\u00fdch mo\u017enost\u00ed m\u011b\u0159en\u00ed &hellip; <\/p>\n","protected":false},"author":1,"featured_media":2730,"comment_status":"closed","ping_status":"open","sticky":false,"template":"","format":"standard","meta":{"footnotes":""},"categories":[10,4],"tags":[],"class_list":["post-3112","post","type-post","status-publish","format-standard","has-post-thumbnail","hentry","category-archiv-uredni_deska","category-budovy-prispevky","latest_post"],"_links":{"self":[{"href":"https:\/\/sei.gov.cz\/index.php?rest_route=\/wp\/v2\/posts\/3112","targetHints":{"allow":["GET"]}}],"collection":[{"href":"https:\/\/sei.gov.cz\/index.php?rest_route=\/wp\/v2\/posts"}],"about":[{"href":"https:\/\/sei.gov.cz\/index.php?rest_route=\/wp\/v2\/types\/post"}],"author":[{"embeddable":true,"href":"https:\/\/sei.gov.cz\/index.php?rest_route=\/wp\/v2\/users\/1"}],"replies":[{"embeddable":true,"href":"https:\/\/sei.gov.cz\/index.php?rest_route=%2Fwp%2Fv2%2Fcomments&post=3112"}],"version-history":[{"count":3,"href":"https:\/\/sei.gov.cz\/index.php?rest_route=\/wp\/v2\/posts\/3112\/revisions"}],"predecessor-version":[{"id":9393,"href":"https:\/\/sei.gov.cz\/index.php?rest_route=\/wp\/v2\/posts\/3112\/revisions\/9393"}],"wp:featuredmedia":[{"embeddable":true,"href":"https:\/\/sei.gov.cz\/index.php?rest_route=\/wp\/v2\/media\/2730"}],"wp:attachment":[{"href":"https:\/\/sei.gov.cz\/index.php?rest_route=%2Fwp%2Fv2%2Fmedia&parent=3112"}],"wp:term":[{"taxonomy":"category","embeddable":true,"href":"https:\/\/sei.gov.cz\/index.php?rest_route=%2Fwp%2Fv2%2Fcategories&post=3112"},{"taxonomy":"post_tag","embeddable":true,"href":"https:\/\/sei.gov.cz\/index.php?rest_route=%2Fwp%2Fv2%2Ftags&post=3112"}],"curies":[{"name":"wp","href":"https:\/\/api.w.org\/{rel}","templated":true}]}}